{"id":806,"date":"2019-03-20T22:54:55","date_gmt":"2019-03-20T21:54:55","guid":{"rendered":"http:\/\/asmsetri42.com\/?p=806"},"modified":"2019-03-20T22:54:56","modified_gmt":"2019-03-20T21:54:56","slug":"aquathlon-rilleux-2019-selectif-championnat-de-france","status":"publish","type":"post","link":"https:\/\/asmsetri42.com\/index.php\/2019\/03\/20\/aquathlon-rilleux-2019-selectif-championnat-de-france\/","title":{"rendered":"Aquathlon Rilleux 2019 &#8211; S\u00e9lectif Championnat de France"},"content":{"rendered":"\n<p>Quelques uns de nos jeunes triathl\u00e8tes se sont m\u00eal\u00e9s \u00e0 la bataille, ce week-end, pour la qualification au Championnat de France Jeunes d&rsquo;Aquathlon.<\/p>\n\n\n\n<p>On tient notre premi\u00e8re s\u00e9lectionn\u00e9e chez les f\u00e9minines, Paloma Gabrielle en terminant 14<sup>e<\/sup> cadette\u00a0! Malheureusement, la course a \u00e9t\u00e9 plus compliqu\u00e9e pour Cl\u00e9mence Erygnoux qui termine 28<sup>e<\/sup> cadette apr\u00e8s une course-\u00e0-pied loin de son niveau habituel.<\/p>\n\n\n\n<p>Chez nos jeunes triathl\u00e8tes masculins, ils \u00e9taient 4 et peut-\u00eatre 4 s\u00e9lectionn\u00e9s ! Peut-\u00eatre, car Eloi Fresnel \u00e9choue \u00e0 la 18<sup>e<\/sup> place et donc \u00e0 la           limite de la qualification. Il faudra attendre les r\u00e9sultats officiels pour savoir s&rsquo;il participera au Championnat de France, le 20 juillet \u00e0 Bergerac. <\/p>\n\n\n\n<figure class=\"wp-block-image\"><img loading=\"lazy\" decoding=\"async\" width=\"1024\" height=\"576\" src=\"https:\/\/asmsetri42.com\/wp-content\/uploads\/2019\/03\/Eloi_sprint-1-1024x576.jpg\" alt=\"\" class=\"wp-image-807\" srcset=\"https:\/\/asmsetri42.com\/wp-content\/uploads\/2019\/03\/Eloi_sprint-1-1024x576.jpg 1024w, https:\/\/asmsetri42.com\/wp-content\/uploads\/2019\/03\/Eloi_sprint-1-300x169.jpg 300w, https:\/\/asmsetri42.com\/wp-content\/uploads\/2019\/03\/Eloi_sprint-1-768x432.jpg 768w, https:\/\/asmsetri42.com\/wp-content\/uploads\/2019\/03\/Eloi_sprint-1.jpg 1312w\" sizes=\"auto, (max-width: 1024px) 100vw, 1024px\" \/><figcaption>Eloi jouant sa qualification au sprint<\/figcaption><\/figure>\n\n\n\n<p>Nos 3 autres jeunes triathl\u00e8tes ont port\u00e9 le club \u00e0 l&rsquo;avant de la course\u00a0! Nos           juniors, Robin Dupuy termine 3<sup>e<\/sup> (encore une 3e place apr\u00e8s celle obtenu \u00e0           l&rsquo;Aquathlon St\u00e9phanois), devant Gr\u00e9goire Sename qui croque la m\u00e9daille en chocolat apr\u00e8s une natation difficile. Notre cadet, Elouan Charnal r\u00e9ussit la           meilleure place de la journ\u00e9e en terminant 2<sup>e<\/sup>\u00a0!<\/p>\n\n\n\n<figure class=\"wp-block-image\"><img loading=\"lazy\" decoding=\"async\" width=\"768\" height=\"1024\" src=\"https:\/\/asmsetri42.com\/wp-content\/uploads\/2019\/03\/podium_robin-768x1024.jpg\" alt=\"\" class=\"wp-image-808\" srcset=\"https:\/\/asmsetri42.com\/wp-content\/uploads\/2019\/03\/podium_robin-768x1024.jpg 768w, https:\/\/asmsetri42.com\/wp-content\/uploads\/2019\/03\/podium_robin-225x300.jpg 225w\" sizes=\"auto, (max-width: 768px) 100vw, 768px\" \/><figcaption>3e place de Robin<\/figcaption><\/figure>\n\n\n\n<p>Ils seront un peu plus nombreux ce dimanche \u00e0 participer aux courses qualificatives au Championnat de France de Duathlon Jeunes, mais aussi \u00e0 la Coupe de France des Clubs en Duathlon\u00a0!<\/p>\n\n\n\n<p>Petit bonus : victoire au scratch de Flora Perrin au 5km de Villeurbanne et 3e place pour J\u00e9r\u00e9my Jurkiewicz sur le trail de Sorbier !<\/p>\n","protected":false},"excerpt":{"rendered":"<p>Quelques uns de nos jeunes triathl\u00e8tes se sont m\u00eal\u00e9s \u00e0 la bataille, ce week-end, pour la qualification au Championnat de<\/p>\n","protected":false},"author":7,"featured_media":0,"comment_status":"open","ping_status":"open","sticky":false,"template":"","format":"standard","meta":{"footnotes":""},"categories":[6],"tags":[],"class_list":["post-806","post","type-post","status-publish","format-standard","hentry","category-competition"],"_links":{"self":[{"href":"https:\/\/asmsetri42.com\/index.php\/wp-json\/wp\/v2\/posts\/806","targetHints":{"allow":["GET"]}}],"collection":[{"href":"https:\/\/asmsetri42.com\/index.php\/wp-json\/wp\/v2\/posts"}],"about":[{"href":"https:\/\/asmsetri42.com\/index.php\/wp-json\/wp\/v2\/types\/post"}],"author":[{"embeddable":true,"href":"https:\/\/asmsetri42.com\/index.php\/wp-json\/wp\/v2\/users\/7"}],"replies":[{"embeddable":true,"href":"https:\/\/asmsetri42.com\/index.php\/wp-json\/wp\/v2\/comments?post=806"}],"version-history":[{"count":1,"href":"https:\/\/asmsetri42.com\/index.php\/wp-json\/wp\/v2\/posts\/806\/revisions"}],"predecessor-version":[{"id":809,"href":"https:\/\/asmsetri42.com\/index.php\/wp-json\/wp\/v2\/posts\/806\/revisions\/809"}],"wp:attachment":[{"href":"https:\/\/asmsetri42.com\/index.php\/wp-json\/wp\/v2\/media?parent=806"}],"wp:term":[{"taxonomy":"category","embeddable":true,"href":"https:\/\/asmsetri42.com\/index.php\/wp-json\/wp\/v2\/categories?post=806"},{"taxonomy":"post_tag","embeddable":true,"href":"https:\/\/asmsetri42.com\/index.php\/wp-json\/wp\/v2\/tags?post=806"}],"curies":[{"name":"wp","href":"https:\/\/api.w.org\/{rel}","templated":true}]}}