{"id":2444,"date":"2025-05-03T12:14:10","date_gmt":"2025-05-03T10:14:10","guid":{"rendered":"https:\/\/asmsetri42.com\/?p=2444"},"modified":"2025-05-03T12:14:10","modified_gmt":"2025-05-03T10:14:10","slug":"cdf-duathlon","status":"publish","type":"post","link":"https:\/\/asmsetri42.com\/index.php\/2025\/05\/03\/cdf-duathlon\/","title":{"rendered":"CDF DUATHLON"},"content":{"rendered":"\n<p><strong>Il faudra pers\u00e9v\u00e9rer !<\/strong><\/p>\n\n\n\n<p>Le 6 avril, cinq de nos jeunes ont particip\u00e9 aux championnats de France de duathlon. Pour Astrid et Tom, c&rsquo;\u00e9tait une nouvelle participation, tandis que pour Marceau et Adrien, cela repr\u00e9sentait l\u2019aboutissement de sept ann\u00e9es d\u2019entra\u00eenement et de deux ann\u00e9es d\u2019engagement intense dans la pr\u00e9paration.<\/p>\n\n\n\n<p>Partie en SAS 2, Astrid, en cat\u00e9gorie junior, effectue une belle remont\u00e9e sur la premi\u00e8re course \u00e0 pied, accrochant la 8e place \u00e0 la fin de la premi\u00e8re transition. Toujours aussi solide en v\u00e9lo, elle reste dans le pack de t\u00eate, mais un souci m\u00e9canique l\u2019oblige malheureusement \u00e0 abandonner.<\/p>\n\n\n\n<p>Chez les gar\u00e7ons, Tom, parti en SAS 3, parvient \u00e0 bien se positionner en course \u00e0 pied et \u00e0 rester dans un premier pack tr\u00e8s rapide \u00e0 v\u00e9lo. Il \u00e9vite de justesse une chute \u00e0 300 m\u00e8tres de la fin du parcours cycliste et termine \u00e0 une tr\u00e8s belle 27e place.<\/p>\n\n\n\n<p>Adrien, lui, n\u2019a pas cette chance. Parti en SAS 6 juste derri\u00e8re le pack de Marceau, il chute d\u00e8s le d\u00e9part et se retrouve en fin de groupe. Gr\u00e2ce \u00e0 une transition rapide, il r\u00e9ussit toutefois \u00e0 int\u00e9grer un pack qui roule tr\u00e8s fort et parvient \u00e0 revenir sur celui de Marceau, qui \u00e9tait dans le top 60 \u00e0 la fin de la premi\u00e8re course \u00e0 pied. Ensemble, ils comptaient bien unir leurs forces pour conserver ce classement.<\/p>\n\n\n\n<p>Mais un concurrent pousse Adrien contre un terre-plein, provoquant une nouvelle chute, heureusement sans entra\u00eener d&rsquo;autres coureurs. Fin de course pour Adrien, avec de s\u00e9rieux d\u00e9g\u00e2ts mat\u00e9riels et physiques. Marceau, perturb\u00e9 par la chute de son ami, rate sa seconde transition et termine \u00e0 la 86e place.<\/p>\n\n\n\n<p>Une course o\u00f9 chacun aura gagn\u00e9 en exp\u00e9rience\u2026 et o\u00f9 la revanche est d\u00e9j\u00e0 en t\u00eate !<\/p>\n\n\n\n<p>C\u00f4t\u00e9 adultes, <strong>Coralie<\/strong> signe une belle performance en terminant <strong>36e au scratch et 2e de sa cat\u00e9gorie S4<\/strong>, tandis que <strong>Marie<\/strong> prend une honorable <strong>65e place<\/strong>, confirmant les bons r\u00e9sultats du club sur toutes les cat\u00e9gories.<\/p>\n\n\n\n<p>Rendez-vous pour nos jeunes \u00e0 Pierrelatte le 18 mai pour les s\u00e9lectifs tri jeunes.<br>Entre-temps, place \u00e0 la r\u00e9cup\u00e9ration, aux stages du Comit\u00e9 pour relancer la machine, et aux s\u00e9ances du club pour peaufiner la pr\u00e9paration en vue des prochaines \u00e9ch\u00e9ances !<\/p>\n\n\n\n<figure class=\"wp-block-image size-large is-resized\"><img loading=\"lazy\" decoding=\"async\" width=\"768\" height=\"1024\" src=\"https:\/\/asmsetri42.com\/wp-content\/uploads\/2025\/05\/WhatsApp-Image-2025-04-29-a-15.55.58_570e0e58-2-768x1024.jpg\" alt=\"\" class=\"wp-image-2452\" style=\"width:338px;height:auto\" srcset=\"https:\/\/asmsetri42.com\/wp-content\/uploads\/2025\/05\/WhatsApp-Image-2025-04-29-a-15.55.58_570e0e58-2-768x1024.jpg 768w, https:\/\/asmsetri42.com\/wp-content\/uploads\/2025\/05\/WhatsApp-Image-2025-04-29-a-15.55.58_570e0e58-2-225x300.jpg 225w, https:\/\/asmsetri42.com\/wp-content\/uploads\/2025\/05\/WhatsApp-Image-2025-04-29-a-15.55.58_570e0e58-2-1152x1536.jpg 1152w, https:\/\/asmsetri42.com\/wp-content\/uploads\/2025\/05\/WhatsApp-Image-2025-04-29-a-15.55.58_570e0e58-2.jpg 1200w\" sizes=\"auto, (max-width: 768px) 100vw, 768px\" \/><\/figure>\n","protected":false},"excerpt":{"rendered":"<p>Il faudra pers\u00e9v\u00e9rer ! Le 6 avril, cinq de nos jeunes ont particip\u00e9 aux championnats de France de duathlon. Pour<\/p>\n","protected":false},"author":10,"featured_media":2449,"comment_status":"open","ping_status":"open","sticky":true,"template":"","format":"standard","meta":{"footnotes":""},"categories":[6,12,7,1],"tags":[],"class_list":["post-2444","post","type-post","status-publish","format-standard","has-post-thumbnail","hentry","category-competition","category-elites","category-jeunes","category-non-classe"],"_links":{"self":[{"href":"https:\/\/asmsetri42.com\/index.php\/wp-json\/wp\/v2\/posts\/2444","targetHints":{"allow":["GET"]}}],"collection":[{"href":"https:\/\/asmsetri42.com\/index.php\/wp-json\/wp\/v2\/posts"}],"about":[{"href":"https:\/\/asmsetri42.com\/index.php\/wp-json\/wp\/v2\/types\/post"}],"author":[{"embeddable":true,"href":"https:\/\/asmsetri42.com\/index.php\/wp-json\/wp\/v2\/users\/10"}],"replies":[{"embeddable":true,"href":"https:\/\/asmsetri42.com\/index.php\/wp-json\/wp\/v2\/comments?post=2444"}],"version-history":[{"count":3,"href":"https:\/\/asmsetri42.com\/index.php\/wp-json\/wp\/v2\/posts\/2444\/revisions"}],"predecessor-version":[{"id":2454,"href":"https:\/\/asmsetri42.com\/index.php\/wp-json\/wp\/v2\/posts\/2444\/revisions\/2454"}],"wp:featuredmedia":[{"embeddable":true,"href":"https:\/\/asmsetri42.com\/index.php\/wp-json\/wp\/v2\/media\/2449"}],"wp:attachment":[{"href":"https:\/\/asmsetri42.com\/index.php\/wp-json\/wp\/v2\/media?parent=2444"}],"wp:term":[{"taxonomy":"category","embeddable":true,"href":"https:\/\/asmsetri42.com\/index.php\/wp-json\/wp\/v2\/categories?post=2444"},{"taxonomy":"post_tag","embeddable":true,"href":"https:\/\/asmsetri42.com\/index.php\/wp-json\/wp\/v2\/tags?post=2444"}],"curies":[{"name":"wp","href":"https:\/\/api.w.org\/{rel}","templated":true}]}}