{"id":1018,"date":"2019-07-03T17:30:08","date_gmt":"2019-07-03T15:30:08","guid":{"rendered":"http:\/\/asmsetri42.com\/?p=1018"},"modified":"2019-07-03T17:30:10","modified_gmt":"2019-07-03T15:30:10","slug":"petit-resume-du-mois-de-juin","status":"publish","type":"post","link":"https:\/\/asmsetri42.com\/index.php\/2019\/07\/03\/petit-resume-du-mois-de-juin\/","title":{"rendered":"Petit r\u00e9sum\u00e9 du mois de Juin !"},"content":{"rendered":"\n<p>Une ou plusieurs courses par week-end, c\u2019est un peu le rythme impos\u00e9 par le mois de Juin pour nos amis triathl\u00e8tes&nbsp;!<\/p>\n\n\n\n<p>Nous avons d\u00e9but\u00e9 ce mois, par la r\u00e9ussite du Triathlon des Gorges de le Loire, \u00e0 Aurec-sur-Loire, organis\u00e9 par le club. Ensuite nos triathl\u00e8tes se sont dirig\u00e9s vers deux \u00e9preuves r\u00e9gionales et incontournables&nbsp;: Triathlon de Roanne-Villerest le 9 juin et le Triathlon du Lac du Sapin le week-end suivant. Et pour finir ce mois ils se sont dirig\u00e9s vers une toute nouvelle \u00e9preuve, le Swimrun des Gorges de la Loire auquel le club est associ\u00e9, le 22 juin.<\/p>\n\n\n\n<p>Le club \u00e9tant pr\u00e9sent en nombre sur ces \u00e9preuves, seulement les r\u00e9sultats notables sont pr\u00e9sent\u00e9s. N\u2019h\u00e9sitez pas \u00e0 suivre les liens vers les r\u00e9sultats pour conna\u00eetre les performances de tous les triathl\u00e8tes&nbsp;!<\/p>\n\n\n\n<p>Triathlon de Roanne-Villerest, le 9 juin&nbsp;:<\/p>\n\n\n\n<p>&#8211; sur le M (1500m de natation, 38km de v\u00e9lo et 10km de course-\u00e0-pied)&nbsp;: Olivier C a int\u00e9gr\u00e9 le Top 20 en terminant 19<sup>e<\/sup> suivi de David E \u00e0 la 27<sup>e<\/sup> place. La meilleure place est revenue \u00e0 Nad\u00e8ge B qui termine \u00e0 la 12<sup>e<\/sup> place chez les f\u00e9minines&nbsp;!<\/p>\n\n\n\n<p>&#8211; sur le S en Duo (750m de natation, 21km de v\u00e9lo et 5km de course-\u00e0-pied)&nbsp;: Olivier P et Lionel G ont termin\u00e9 \u00e0 la 3<sup>e<\/sup> place&nbsp;! A noter la 12<sup>e<\/sup> place de notre Pr\u00e9sident Hubert Moulin avec son co\u00e9quipier Michel V !<\/p>\n\n\n\n<p>&#8211; sur le format Jeunes&nbsp;: nos jeunes triathl\u00e8tes se sont une fois de plus tr\u00e8s bien illustr\u00e9s en \u00e9tant pr\u00e9sent sur de nombreux podiums&nbsp;!<\/p>\n\n\n\n<p>Tous les r\u00e9sultats&nbsp;: <a href=\"https:\/\/my4.raceresult.com\/99003\/?lang=fr\">https:\/\/my4.raceresult.com\/99003\/?lang=fr<\/a><\/p>\n\n\n\n<ul class=\"wp-block-gallery columns-2 is-cropped wp-block-gallery-1 is-layout-flex wp-block-gallery-is-layout-flex\"><li class=\"blocks-gallery-item\"><figure><img loading=\"lazy\" decoding=\"async\" width=\"676\" height=\"1024\" src=\"https:\/\/asmsetri42.com\/wp-content\/uploads\/2019\/07\/Villerest-liooli-e1562154286910-676x1024.jpg\" alt=\"\" data-id=\"1016\" data-link=\"https:\/\/asmsetri42.com\/villerest-liooli\/\" class=\"wp-image-1016\" srcset=\"https:\/\/asmsetri42.com\/wp-content\/uploads\/2019\/07\/Villerest-liooli-e1562154286910-676x1024.jpg 676w, https:\/\/asmsetri42.com\/wp-content\/uploads\/2019\/07\/Villerest-liooli-e1562154286910-198x300.jpg 198w, https:\/\/asmsetri42.com\/wp-content\/uploads\/2019\/07\/Villerest-liooli-e1562154286910-768x1164.jpg 768w, https:\/\/asmsetri42.com\/wp-content\/uploads\/2019\/07\/Villerest-liooli-e1562154286910.jpg 1935w\" sizes=\"auto, (max-width: 676px) 100vw, 676px\" \/><\/figure><\/li><li class=\"blocks-gallery-item\"><figure><img loading=\"lazy\" decoding=\"async\" width=\"1024\" height=\"767\" src=\"https:\/\/asmsetri42.com\/wp-content\/uploads\/2019\/07\/villerest-hubmich-e1562154347407-1024x767.jpg\" alt=\"\" data-id=\"1015\" data-link=\"https:\/\/asmsetri42.com\/villerest-hubmich\/\" class=\"wp-image-1015\" srcset=\"https:\/\/asmsetri42.com\/wp-content\/uploads\/2019\/07\/villerest-hubmich-e1562154347407-1024x767.jpg 1024w, https:\/\/asmsetri42.com\/wp-content\/uploads\/2019\/07\/villerest-hubmich-e1562154347407-300x225.jpg 300w, https:\/\/asmsetri42.com\/wp-content\/uploads\/2019\/07\/villerest-hubmich-e1562154347407-768x575.jpg 768w, https:\/\/asmsetri42.com\/wp-content\/uploads\/2019\/07\/villerest-hubmich-e1562154347407.jpg 1683w\" sizes=\"auto, (max-width: 1024px) 100vw, 1024px\" \/><\/figure><\/li><\/ul>\n\n\n\n<p>Triathlon du Lac des Sapins, le 16 juin&nbsp;:<\/p>\n\n\n\n<p>Le format particulier de ce triathlon (1500m de natation, 50km de v\u00e9lo et 10km de course-\u00e0-pied) a permis \u00e0 Alexandre Goimard de finir \u00e0 la 30<sup>e<\/sup> position, malgr\u00e9 une course-\u00e0-pied difficile. Du c\u00f4t\u00e9 de nos f\u00e9minines c\u2019est une fois de plus Nad\u00e8ge B la mieux class\u00e9, elle a cl\u00f4tur\u00e9 l\u2019\u00e9preuve \u00e0 la 69<sup>e<\/sup> place.<\/p>\n\n\n\n<p>Tous les r\u00e9sultats&nbsp;: <a href=\"https:\/\/my2.raceresult.com\/126676\/?lang=fr#1_5D7258\">https:\/\/my2.raceresult.com\/126676\/?lang=fr#1_5D7258<\/a><\/p>\n\n\n\n<p>Swimrun des Gorges de la Loire, le 22 juin&nbsp;:<\/p>\n\n\n\n<p>&#8211; sur le format L (5,8km de natation et 24,5km de v\u00e9lo)&nbsp;:\nLe club a r\u00e9alis\u00e9 plusieurs podiums. Podium scratch&nbsp;: Jean-Louis B et\nFran\u00e7ois D ont fini 2<sup>e&nbsp;<\/sup>, devant J\u00e9r\u00e9my Jurkewick et Marie L&nbsp;!\nPodium mixte&nbsp;: victoire pour Nadia M et Samuel F, 2<sup>e<\/sup> place pour\nRen\u00e9e Charri\u00e8re et David L&nbsp;!<\/p>\n\n\n\n<p>&#8211; sur le format M (2,8km de natation et 14,6km de\ncourse-\u00e0-pied)&nbsp;: Encore des podiums pour le club&nbsp;! 2<sup>e<\/sup>\nplace chez les f\u00e9minines pour Caroline P et Elodie H, puis une 3<sup>e<\/sup>\nplace chez les hommes pour pour Cyril C et Arnaud A&nbsp;! Une de nos \u00e9quipe\nmixte a \u00e9chou\u00e9 au pied du podium, 4<sup>e<\/sup> place pour Sophie et Olivier P.<\/p>\n\n\n\n<p>Dernier podium de la journ\u00e9e, sur le format XS (1000m de\nnatation et 3,5km \u00e0 pied), pour Brune et C\u00e9sar R finissant 1<sup>\u00e8re <\/sup>\u00e9quipe\nmixte&nbsp;!<\/p>\n\n\n\n<p>Tous les r\u00e9sultats&nbsp;: <a href=\"http:\/\/www.swimrun-gorgesdelaloire.fr\/edition-2019\/\">http:\/\/www.swimrun-gorgesdelaloire.fr\/edition-2019\/<\/a><\/p>\n\n\n\n<p>Sans oublier, m\u00eame si tout le monde le sait d\u00e9j\u00e0&nbsp;! La\nvictoire d\u2019Arthur Forissier sur les Championnat de France de Cross Triathlon,\no\u00f9 il conserve son titre acquis l\u2019ann\u00e9e derni\u00e8re&nbsp;! Et son r\u00e9cent succ\u00e8s\nsur l\u2019Xterra Suisse pour une troisi\u00e8me victoire cons\u00e9cutive sur cette \u00e9preuve&nbsp;!<\/p>\n\n\n\n<ul class=\"wp-block-gallery columns-2 is-cropped wp-block-gallery-2 is-layout-flex wp-block-gallery-is-layout-flex\"><li class=\"blocks-gallery-item\"><figure><img loading=\"lazy\" decoding=\"async\" width=\"1024\" height=\"683\" src=\"https:\/\/asmsetri42.com\/wp-content\/uploads\/2019\/07\/Arthur-Ch-Fr-1024x683.jpg\" alt=\"\" data-id=\"1017\" data-link=\"https:\/\/asmsetri42.com\/arthur-ch-fr\/\" class=\"wp-image-1017\" srcset=\"https:\/\/asmsetri42.com\/wp-content\/uploads\/2019\/07\/Arthur-Ch-Fr-1024x683.jpg 1024w, https:\/\/asmsetri42.com\/wp-content\/uploads\/2019\/07\/Arthur-Ch-Fr-300x200.jpg 300w, https:\/\/asmsetri42.com\/wp-content\/uploads\/2019\/07\/Arthur-Ch-Fr-768x512.jpg 768w\" sizes=\"auto, (max-width: 1024px) 100vw, 1024px\" \/><\/figure><\/li><li class=\"blocks-gallery-item\"><figure><img loading=\"lazy\" decoding=\"async\" width=\"720\" height=\"480\" src=\"https:\/\/asmsetri42.com\/wp-content\/uploads\/2019\/07\/arthur-xterra-suisse.jpg\" alt=\"\" data-id=\"1013\" data-link=\"https:\/\/asmsetri42.com\/arthur-xterra-suisse\/\" class=\"wp-image-1013\" srcset=\"https:\/\/asmsetri42.com\/wp-content\/uploads\/2019\/07\/arthur-xterra-suisse.jpg 720w, https:\/\/asmsetri42.com\/wp-content\/uploads\/2019\/07\/arthur-xterra-suisse-300x200.jpg 300w\" sizes=\"auto, (max-width: 720px) 100vw, 720px\" \/><\/figure><\/li><\/ul>\n\n\n\n<p>Si vous voulez le voir, il sera pr\u00e9sent sur l\u2019Xterra France ce\nweek-end&nbsp;!<\/p>\n","protected":false},"excerpt":{"rendered":"<p>Une ou plusieurs courses par week-end, c\u2019est un peu le rythme impos\u00e9 par le mois de Juin pour nos amis<\/p>\n","protected":false},"author":7,"featured_media":0,"comment_status":"open","ping_status":"open","sticky":false,"template":"","format":"standard","meta":{"footnotes":""},"categories":[6,7,4],"tags":[],"class_list":["post-1018","post","type-post","status-publish","format-standard","hentry","category-competition","category-jeunes","category-vie-du-club"],"_links":{"self":[{"href":"https:\/\/asmsetri42.com\/index.php\/wp-json\/wp\/v2\/posts\/1018","targetHints":{"allow":["GET"]}}],"collection":[{"href":"https:\/\/asmsetri42.com\/index.php\/wp-json\/wp\/v2\/posts"}],"about":[{"href":"https:\/\/asmsetri42.com\/index.php\/wp-json\/wp\/v2\/types\/post"}],"author":[{"embeddable":true,"href":"https:\/\/asmsetri42.com\/index.php\/wp-json\/wp\/v2\/users\/7"}],"replies":[{"embeddable":true,"href":"https:\/\/asmsetri42.com\/index.php\/wp-json\/wp\/v2\/comments?post=1018"}],"version-history":[{"count":3,"href":"https:\/\/asmsetri42.com\/index.php\/wp-json\/wp\/v2\/posts\/1018\/revisions"}],"predecessor-version":[{"id":1021,"href":"https:\/\/asmsetri42.com\/index.php\/wp-json\/wp\/v2\/posts\/1018\/revisions\/1021"}],"wp:attachment":[{"href":"https:\/\/asmsetri42.com\/index.php\/wp-json\/wp\/v2\/media?parent=1018"}],"wp:term":[{"taxonomy":"category","embeddable":true,"href":"https:\/\/asmsetri42.com\/index.php\/wp-json\/wp\/v2\/categories?post=1018"},{"taxonomy":"post_tag","embeddable":true,"href":"https:\/\/asmsetri42.com\/index.php\/wp-json\/wp\/v2\/tags?post=1018"}],"curies":[{"name":"wp","href":"https:\/\/api.w.org\/{rel}","templated":true}]}}