{"id":1000,"date":"2019-06-20T19:34:59","date_gmt":"2019-06-20T17:34:59","guid":{"rendered":"http:\/\/asmsetri42.com\/?p=1000"},"modified":"2019-06-20T19:37:55","modified_gmt":"2019-06-20T17:37:55","slug":"d2-triathlon-besancon","status":"publish","type":"post","link":"https:\/\/asmsetri42.com\/index.php\/2019\/06\/20\/d2-triathlon-besancon\/","title":{"rendered":"D2 Triathlon &#8211; Besan\u00e7on"},"content":{"rendered":"\n<p>Le week-end dernier (16\/06) se d\u00e9roulait la deuxi\u00e8me \u00e9tape du Championnat de France des Clubs de Division 2, \u00e0 Besan\u00e7on. Cette \u00e9tape \u00e9tait sur un format S (750m de natation, 20km de v\u00e9lo et 5km \u00e0 pied) en CLM par \u00e9quipe.<\/p>\n\n\n\n<p>A 8h32, Ugo Ra\u00efa, Cl\u00e9ment Bastie, Robin Dupuy et L\u00e9o Anizan prennent\nle d\u00e9part en effectuant le meilleur temps natation de la journ\u00e9e, dans un lac \u00e0\n20\u00b0C (donc sans combinaison). Le parcours v\u00e9lo est plus compliqu\u00e9 pour Ugo\nsortant de trois grosses chutes en v\u00e9lo en moins d\u2019un mois et Cl\u00e9ment revenant\nde son premier 70.3 la semaine pr\u00e9c\u00e9dente. Ils se sont alors repos\u00e9s sur un\nexcellent travail de Robin et L\u00e9o. C\u2019est sur les 5km \u00e0 pied et particuli\u00e8rement\nau 3<sup>e<\/sup> km que Cl\u00e9ment met le clignotant et laisse ces trois\npartenaires finir l\u2019\u00e9tape&nbsp;!<\/p>\n\n\n\n<ul class=\"wp-block-gallery columns-0 is-cropped wp-block-gallery-1 is-layout-flex wp-block-gallery-is-layout-flex\"><li class=\"blocks-gallery-item\"><figure><img loading=\"lazy\" decoding=\"async\" width=\"1024\" height=\"1024\" src=\"https:\/\/asmsetri42.com\/wp-content\/uploads\/2019\/06\/bikeh-1024x1024.jpg\" alt=\"\" data-id=\"1008\" data-link=\"https:\/\/asmsetri42.com\/?attachment_id=1008\" class=\"wp-image-1008\" srcset=\"https:\/\/asmsetri42.com\/wp-content\/uploads\/2019\/06\/bikeh-1024x1024.jpg 1024w, https:\/\/asmsetri42.com\/wp-content\/uploads\/2019\/06\/bikeh-150x150.jpg 150w, https:\/\/asmsetri42.com\/wp-content\/uploads\/2019\/06\/bikeh-300x300.jpg 300w, https:\/\/asmsetri42.com\/wp-content\/uploads\/2019\/06\/bikeh-768x768.jpg 768w, https:\/\/asmsetri42.com\/wp-content\/uploads\/2019\/06\/bikeh.jpg 1440w\" sizes=\"auto, (max-width: 1024px) 100vw, 1024px\" \/><\/figure><\/li><li class=\"blocks-gallery-item\"><figure><img loading=\"lazy\" decoding=\"async\" width=\"1024\" height=\"1024\" src=\"https:\/\/asmsetri42.com\/wp-content\/uploads\/2019\/06\/dnath-1-1024x1024.jpg\" alt=\"\" data-id=\"1009\" data-link=\"https:\/\/asmsetri42.com\/?attachment_id=1009\" class=\"wp-image-1009\" srcset=\"https:\/\/asmsetri42.com\/wp-content\/uploads\/2019\/06\/dnath-1-1024x1024.jpg 1024w, https:\/\/asmsetri42.com\/wp-content\/uploads\/2019\/06\/dnath-1-150x150.jpg 150w, https:\/\/asmsetri42.com\/wp-content\/uploads\/2019\/06\/dnath-1-300x300.jpg 300w, https:\/\/asmsetri42.com\/wp-content\/uploads\/2019\/06\/dnath-1-768x768.jpg 768w, https:\/\/asmsetri42.com\/wp-content\/uploads\/2019\/06\/dnath-1.jpg 1440w\" sizes=\"auto, (max-width: 1024px) 100vw, 1024px\" \/><\/figure><\/li><li class=\"blocks-gallery-item\"><figure><img loading=\"lazy\" decoding=\"async\" width=\"768\" height=\"1024\" src=\"https:\/\/asmsetri42.com\/wp-content\/uploads\/2019\/06\/snath-2-768x1024.jpg\" alt=\"\" data-id=\"1010\" data-link=\"https:\/\/asmsetri42.com\/?attachment_id=1010\" class=\"wp-image-1010\" srcset=\"https:\/\/asmsetri42.com\/wp-content\/uploads\/2019\/06\/snath-2-768x1024.jpg 768w, https:\/\/asmsetri42.com\/wp-content\/uploads\/2019\/06\/snath-2-225x300.jpg 225w\" sizes=\"auto, (max-width: 768px) 100vw, 768px\" \/><\/figure><\/li><\/ul>\n\n\n\n<p>A 8h51, c\u2019est au tour des f\u00e9minines de prendre le d\u00e9part.\nMyl\u00e8ne Ouvry, Romane Cizeron, Ren\u00e9e Charri\u00e8re et Margot Morlec sont la deuxi\u00e8me\n\u00e9quipe f\u00e9minine \u00e0 partir et la premi\u00e8re \u00e0 sortir de l\u2019eau&nbsp;! Malgr\u00e9 une\nbonne transition et un bon d\u00e9part v\u00e9lo, Myl\u00e8ne doit s\u2019arr\u00eater et laisser partir\nces co\u00e9quipi\u00e8res \u00e0 cause d\u2019une crevaison. Ren\u00e9e, Romane et Margot terminent\nalors la course au bout d\u2019un tr\u00e8s long 5km \u00e0 pied, au coude-\u00e0-coude avec l\u2019\u00e9quipe\ndu CRV Lyon.<\/p>\n\n\n\n<ul class=\"wp-block-gallery columns-2 is-cropped wp-block-gallery-2 is-layout-flex wp-block-gallery-is-layout-flex\"><li class=\"blocks-gallery-item\"><figure><img loading=\"lazy\" decoding=\"async\" width=\"1024\" height=\"1024\" src=\"https:\/\/asmsetri42.com\/wp-content\/uploads\/2019\/06\/bikef-1024x1024.jpg\" alt=\"\" data-id=\"1005\" data-link=\"https:\/\/asmsetri42.com\/?attachment_id=1005\" class=\"wp-image-1005\" srcset=\"https:\/\/asmsetri42.com\/wp-content\/uploads\/2019\/06\/bikef-1024x1024.jpg 1024w, https:\/\/asmsetri42.com\/wp-content\/uploads\/2019\/06\/bikef-150x150.jpg 150w, https:\/\/asmsetri42.com\/wp-content\/uploads\/2019\/06\/bikef-300x300.jpg 300w, https:\/\/asmsetri42.com\/wp-content\/uploads\/2019\/06\/bikef-768x768.jpg 768w, https:\/\/asmsetri42.com\/wp-content\/uploads\/2019\/06\/bikef.jpg 1440w\" sizes=\"auto, (max-width: 1024px) 100vw, 1024px\" \/><\/figure><\/li><li class=\"blocks-gallery-item\"><figure><img loading=\"lazy\" decoding=\"async\" width=\"1024\" height=\"1024\" src=\"https:\/\/asmsetri42.com\/wp-content\/uploads\/2019\/06\/runf-1024x1024.jpg\" alt=\"\" data-id=\"1006\" data-link=\"https:\/\/asmsetri42.com\/?attachment_id=1006\" class=\"wp-image-1006\" srcset=\"https:\/\/asmsetri42.com\/wp-content\/uploads\/2019\/06\/runf-1024x1024.jpg 1024w, https:\/\/asmsetri42.com\/wp-content\/uploads\/2019\/06\/runf-150x150.jpg 150w, https:\/\/asmsetri42.com\/wp-content\/uploads\/2019\/06\/runf-300x300.jpg 300w, https:\/\/asmsetri42.com\/wp-content\/uploads\/2019\/06\/runf-768x768.jpg 768w, https:\/\/asmsetri42.com\/wp-content\/uploads\/2019\/06\/runf.jpg 1440w\" sizes=\"auto, (max-width: 1024px) 100vw, 1024px\" \/><\/figure><\/li><\/ul>\n\n\n\n<p>Au final, l\u2019\u00e9quipe masculine se classe 12<sup>e<\/sup> et l\u2019\u00e9quipe\nf\u00e9minine 9<sup>e<\/sup>. Tous les r\u00e9sultats en suivant ce lien&nbsp;: <a href=\"https:\/\/besancon-triathlon.fr\/triathlon-vauban-informations\/resultats\/\">https:\/\/besancon-triathlon.fr\/triathlon-vauban-informations\/resultats\/<\/a><\/p>\n\n\n\n<p>Prochaine \u00e9tape \u00e0 Muret le 28 juillet&nbsp;!<\/p>\n","protected":false},"excerpt":{"rendered":"<p>Le week-end dernier (16\/06) se d\u00e9roulait la deuxi\u00e8me \u00e9tape du Championnat de France des Clubs de Division 2, \u00e0 Besan\u00e7on.<\/p>\n","protected":false},"author":7,"featured_media":0,"comment_status":"open","ping_status":"open","sticky":false,"template":"","format":"standard","meta":{"footnotes":""},"categories":[6],"tags":[],"class_list":["post-1000","post","type-post","status-publish","format-standard","hentry","category-competition"],"_links":{"self":[{"href":"https:\/\/asmsetri42.com\/index.php\/wp-json\/wp\/v2\/posts\/1000","targetHints":{"allow":["GET"]}}],"collection":[{"href":"https:\/\/asmsetri42.com\/index.php\/wp-json\/wp\/v2\/posts"}],"about":[{"href":"https:\/\/asmsetri42.com\/index.php\/wp-json\/wp\/v2\/types\/post"}],"author":[{"embeddable":true,"href":"https:\/\/asmsetri42.com\/index.php\/wp-json\/wp\/v2\/users\/7"}],"replies":[{"embeddable":true,"href":"https:\/\/asmsetri42.com\/index.php\/wp-json\/wp\/v2\/comments?post=1000"}],"version-history":[{"count":2,"href":"https:\/\/asmsetri42.com\/index.php\/wp-json\/wp\/v2\/posts\/1000\/revisions"}],"predecessor-version":[{"id":1011,"href":"https:\/\/asmsetri42.com\/index.php\/wp-json\/wp\/v2\/posts\/1000\/revisions\/1011"}],"wp:attachment":[{"href":"https:\/\/asmsetri42.com\/index.php\/wp-json\/wp\/v2\/media?parent=1000"}],"wp:term":[{"taxonomy":"category","embeddable":true,"href":"https:\/\/asmsetri42.com\/index.php\/wp-json\/wp\/v2\/categories?post=1000"},{"taxonomy":"post_tag","embeddable":true,"href":"https:\/\/asmsetri42.com\/index.php\/wp-json\/wp\/v2\/tags?post=1000"}],"curies":[{"name":"wp","href":"https:\/\/api.w.org\/{rel}","templated":true}]}}